{"id":920,"date":"2019-04-18T16:26:36","date_gmt":"2019-04-18T16:26:36","guid":{"rendered":"https:\/\/klikeraj.hr\/?p=920"},"modified":"2019-04-18T17:30:16","modified_gmt":"2019-04-18T17:30:16","slug":"5-godina-klikeraja","status":"publish","type":"post","link":"https:\/\/klikeraj.hr\/index.php\/2019\/04\/18\/5-godina-klikeraja\/","title":{"rendered":"5 godina Klikeraja"},"content":{"rendered":"<p><a href=\"https:\/\/klikeraj.hr\/index.php\/2019\/04\/18\/5-godina-klikeraja__trashed\/57393119_637325153406000_6572119335265894400_n\/\" rel=\"attachment wp-att-918\"><img loading=\"lazy\" decoding=\"async\" class=\"alignleft size-thumbnail wp-image-918\" src=\"https:\/\/klikeraj.hr\/wp-content\/uploads\/2019\/04\/57393119_637325153406000_6572119335265894400_n-150x150.jpg\" alt=\"\" width=\"150\" height=\"150\" srcset=\"https:\/\/klikeraj.hr\/wp-content\/uploads\/2019\/04\/57393119_637325153406000_6572119335265894400_n-150x150.jpg 150w, https:\/\/klikeraj.hr\/wp-content\/uploads\/2019\/04\/57393119_637325153406000_6572119335265894400_n-300x300.jpg 300w, https:\/\/klikeraj.hr\/wp-content\/uploads\/2019\/04\/57393119_637325153406000_6572119335265894400_n-768x768.jpg 768w, https:\/\/klikeraj.hr\/wp-content\/uploads\/2019\/04\/57393119_637325153406000_6572119335265894400_n-88x88.jpg 88w, https:\/\/klikeraj.hr\/wp-content\/uploads\/2019\/04\/57393119_637325153406000_6572119335265894400_n-508x508.jpg 508w, https:\/\/klikeraj.hr\/wp-content\/uploads\/2019\/04\/57393119_637325153406000_6572119335265894400_n.jpg 848w\" sizes=\"(max-width: 150px) 100vw, 150px\" \/><\/a>Prije to\u010dno pet godina Klikeraj je zapo\u010deo svoju plovidbu. Osamnaestog travnja u Klikeraju obilje\u017eavamo dan osnutka, a ove godine obilje\u017eavamo i na\u0161 prvi mali jubilej. Ovaj vremenski period u \u017eivotu organizacija mo\u017eda ne donosi velike promjene, no u na\u0161ih prvih pet godina puno toga se promijenilo. Brojniji smo, aktivnosti kojima se bavimo su raznolikije, podru\u010dje rada sve je kompleksnije. No, konture u kojima djelujemo su ostale nepromijenjene. I dalje se vodimo na\u0161om idejom o oboga\u0107ivanju \u0161kolskog i izvan\u0161kolskog okru\u017eenja u kojima mali\u0161ani u\u010de i odrastaju. Na\u0161a misija i dalje je stvarati podr\u017eavaju\u0107e okru\u017eenje i prilike za stjecanje iskustava i u\u010denje svim mali\u0161anima koji mogu i \u017eele razvijati svoje talente.<\/p>\r\n<p><a href=\"https:\/\/klikeraj.hr\/index.php\/2019\/04\/18\/5-godina-klikeraja\/projekti-2\/\" rel=\"attachment wp-att-923\"><img loading=\"lazy\" decoding=\"async\" class=\"alignleft size-thumbnail wp-image-923\" src=\"https:\/\/klikeraj.hr\/wp-content\/uploads\/2019\/04\/Projekti-150x150.jpg\" alt=\"\" width=\"150\" height=\"150\" srcset=\"https:\/\/klikeraj.hr\/wp-content\/uploads\/2019\/04\/Projekti-150x150.jpg 150w, https:\/\/klikeraj.hr\/wp-content\/uploads\/2019\/04\/Projekti-300x300.jpg 300w, https:\/\/klikeraj.hr\/wp-content\/uploads\/2019\/04\/Projekti-768x768.jpg 768w, https:\/\/klikeraj.hr\/wp-content\/uploads\/2019\/04\/Projekti-88x88.jpg 88w, https:\/\/klikeraj.hr\/wp-content\/uploads\/2019\/04\/Projekti-508x508.jpg 508w, https:\/\/klikeraj.hr\/wp-content\/uploads\/2019\/04\/Projekti.jpg 800w\" sizes=\"(max-width: 150px) 100vw, 150px\" \/><\/a><\/p>\r\n<p><a href=\"https:\/\/klikeraj.hr\/index.php\/2019\/04\/18\/5-godina-klikeraja\/imam-ideju-3\/\" rel=\"attachment wp-att-924\"><img loading=\"lazy\" decoding=\"async\" class=\"alignleft size-thumbnail wp-image-924\" src=\"https:\/\/klikeraj.hr\/wp-content\/uploads\/2019\/04\/imam-ideju-150x150.jpg\" alt=\"\" width=\"150\" height=\"150\" srcset=\"https:\/\/klikeraj.hr\/wp-content\/uploads\/2019\/04\/imam-ideju-150x150.jpg 150w, https:\/\/klikeraj.hr\/wp-content\/uploads\/2019\/04\/imam-ideju-300x300.jpg 300w, https:\/\/klikeraj.hr\/wp-content\/uploads\/2019\/04\/imam-ideju-768x768.jpg 768w, https:\/\/klikeraj.hr\/wp-content\/uploads\/2019\/04\/imam-ideju-88x88.jpg 88w, https:\/\/klikeraj.hr\/wp-content\/uploads\/2019\/04\/imam-ideju-508x508.jpg 508w, https:\/\/klikeraj.hr\/wp-content\/uploads\/2019\/04\/imam-ideju.jpg 800w\" sizes=\"(max-width: 150px) 100vw, 150px\" \/><\/a><a href=\"https:\/\/klikeraj.hr\/index.php\/sidro\/copy-of-copy-of-sidro\/\" rel=\"attachment wp-att-877\"><img loading=\"lazy\" decoding=\"async\" class=\"alignleft size-thumbnail wp-image-877\" src=\"https:\/\/klikeraj.hr\/wp-content\/uploads\/2019\/04\/Copy-of-Copy-of-Sidro-150x150.jpg\" alt=\"\" width=\"150\" height=\"150\" srcset=\"https:\/\/klikeraj.hr\/wp-content\/uploads\/2019\/04\/Copy-of-Copy-of-Sidro-150x150.jpg 150w, https:\/\/klikeraj.hr\/wp-content\/uploads\/2019\/04\/Copy-of-Copy-of-Sidro-300x300.jpg 300w, https:\/\/klikeraj.hr\/wp-content\/uploads\/2019\/04\/Copy-of-Copy-of-Sidro-768x768.jpg 768w, https:\/\/klikeraj.hr\/wp-content\/uploads\/2019\/04\/Copy-of-Copy-of-Sidro-88x88.jpg 88w, https:\/\/klikeraj.hr\/wp-content\/uploads\/2019\/04\/Copy-of-Copy-of-Sidro-508x508.jpg 508w, https:\/\/klikeraj.hr\/wp-content\/uploads\/2019\/04\/Copy-of-Copy-of-Sidro.jpg 800w\" sizes=\"(max-width: 150px) 100vw, 150px\" \/><\/a><\/p>\r\n<p>&nbsp;<\/p>\r\n<p>&nbsp;<\/p>\r\n<p>&nbsp;<\/p>\r\n<p>&nbsp;<\/p>\r\n<p>Na\u0161a je plovidba otpo\u010dela s tri osobe i devet drvenih kockica. Danas je na\u0161 tim\u00a0 trostruko ve\u0107i i u ovoj \u0161kolskoj godini sura\u0111ujemo s 32 osnovne \u0161kole. U ovome trenutku provode se tri projekta u institucionalnom i izvaninstitucionalnom obrazovanju u podru\u010djima kreativnosti i darovitosti<br \/><a href=\"https:\/\/klikeraj.hr\/index.php\/2019\/04\/18\/5-godina-klikeraja\/11057887_740085832793726_356830838905879769_o\/\" rel=\"attachment wp-att-926\"><img loading=\"lazy\" decoding=\"async\" class=\"alignleft size-thumbnail wp-image-926\" src=\"https:\/\/klikeraj.hr\/wp-content\/uploads\/2019\/04\/11057887_740085832793726_356830838905879769_o-150x150.jpg\" alt=\"\" width=\"150\" height=\"150\" srcset=\"https:\/\/klikeraj.hr\/wp-content\/uploads\/2019\/04\/11057887_740085832793726_356830838905879769_o-150x150.jpg 150w, https:\/\/klikeraj.hr\/wp-content\/uploads\/2019\/04\/11057887_740085832793726_356830838905879769_o-88x88.jpg 88w\" sizes=\"(max-width: 150px) 100vw, 150px\" \/><\/a>Istovremeno, \u010detvrtu godinu zaredom plovi i na\u0161 izvan\u0161kolski oboga\u0107eni program poticanja kreativnosti za djecu &#8220;Imam ideju!&#8221;. Program smo fokusirali prema poticanju vje\u0161tina kreativnog mi\u0161ljenja kroz igru i igrolike aktivnosti istra\u017eivanja, izra\u017eavanja i stvarala\u0161tva, ali i k istra\u017eivanju i stvaranju u specifi\u010dnim domenama znanosti, umjetnosti, tehnologije, dizajna i svakodnevice. Po\u010detak 2019. bio je u znaku pokretanja programa poticanja emocionalnih kompetencija za darovitu djecu pod nazivom &#8220;Sidro&#8221;. U ovom progamu na\u0161i mali\u0161ani u\u010de, upoznaju se i prepoznaju vlastite i tu\u0111e emocije, u\u010de o njihovoj prirodi u me\u0111uljudskim odnosima, za\u0161to ih imamo i \u0161to nam govore. <a href=\"https:\/\/klikeraj.hr\/index.php\/o-nama\/cropped-1_etsnlogo_fullcolor\/\" rel=\"attachment wp-att-459\"><img loading=\"lazy\" decoding=\"async\" class=\"alignright size-thumbnail wp-image-459\" src=\"https:\/\/klikeraj.hr\/wp-content\/uploads\/2018\/05\/cropped-1_etsnlogo_fullcolor-150x150.png\" alt=\"\" width=\"150\" height=\"150\" srcset=\"https:\/\/klikeraj.hr\/wp-content\/uploads\/2018\/05\/cropped-1_etsnlogo_fullcolor-150x150.png 150w, https:\/\/klikeraj.hr\/wp-content\/uploads\/2018\/05\/cropped-1_etsnlogo_fullcolor-88x88.png 88w\" sizes=\"(max-width: 150px) 100vw, 150px\" \/><\/a>Godine 2016. Klikeraj postaje Europski Talent Point, odnosno \u010dlan mre\u017ee European Talent Support Network (ETSN) koja okuplja ustanove i organizacije koje se bave darovitom i talentiranom djecom i mladima \u010dime je na\u0161 rad prepoznat i van granica na\u0161e zemlje.<\/p>\r\n<p><a href=\"https:\/\/klikeraj.hr\/index.php\/2019\/04\/18\/5-godina-klikeraja__trashed\/klikeraj\/\" rel=\"attachment wp-att-902\"><img loading=\"lazy\" decoding=\"async\" class=\"alignleft size-thumbnail wp-image-902\" src=\"https:\/\/klikeraj.hr\/wp-content\/uploads\/2019\/04\/Klikeraj-150x150.jpg\" alt=\"\" width=\"150\" height=\"150\" srcset=\"https:\/\/klikeraj.hr\/wp-content\/uploads\/2019\/04\/Klikeraj-150x150.jpg 150w, https:\/\/klikeraj.hr\/wp-content\/uploads\/2019\/04\/Klikeraj-88x88.jpg 88w\" sizes=\"(max-width: 150px) 100vw, 150px\" \/><\/a>Poseban naglasak stavili smo na unaprje\u0111ivanje kvalitete odgojno-obrazovnog rada u institucionalnom obrazovanju, u vrti\u0107ima i \u0161kolama. Na\u0161 pristup razvijanja specifi\u010dnih aspekata kreativnosti ugradili smo i u edukacije namijenjene odgojno-obrazovnim stru\u010dnjacima. U edukacijama, seminarima i radionicama do sada je sudjelovalo preko 1000 odgojitelja, u\u010ditelja, nastavnika, stru\u010dnih suradnika i drugih stru\u010dnjaka. Pored poticanja kreativnosti isti\u010demo i va\u017enost pravovremenog prepoznavanja dje\u010djih potencijala, interesa i potreba te stvaranja odgovaraju\u0107eg podr\u017eavaju\u0107eg okru\u017eenja u kojemu mali\u0161ani mogu u\u010diti, istra\u017eivati i stjecati iskustva razvijaju\u0107i time svoju osobnost i talente. Pored kognitivnog razvoja, na\u0161e eduakcije usmjerili smo i prema\u00a0 podru\u010dju\u00a0 emocionalnog i socijalnog\u00a0 razvoja darovitih\u00a0 u\u010denika\u00a0 kao\u00a0 i pitanjima\u00a0 organizacije rada i planiranja kurikuluma u radu s darovitim u\u010denicima.<\/p>\r\n<p><a href=\"https:\/\/klikeraj.hr\/index.php\/2019\/04\/18\/5-godina-klikeraja__trashed\/untitled-design-1-7\/\" rel=\"attachment wp-att-903\"><img loading=\"lazy\" decoding=\"async\" class=\"aligncenter size-full wp-image-903\" src=\"https:\/\/klikeraj.hr\/wp-content\/uploads\/2019\/04\/Untitled-design-1.jpg\" alt=\"\" width=\"820\" height=\"312\" srcset=\"https:\/\/klikeraj.hr\/wp-content\/uploads\/2019\/04\/Untitled-design-1.jpg 820w, https:\/\/klikeraj.hr\/wp-content\/uploads\/2019\/04\/Untitled-design-1-300x114.jpg 300w, https:\/\/klikeraj.hr\/wp-content\/uploads\/2019\/04\/Untitled-design-1-768x292.jpg 768w, https:\/\/klikeraj.hr\/wp-content\/uploads\/2019\/04\/Untitled-design-1-508x193.jpg 508w\" sizes=\"(max-width: 820px) 100vw, 820px\" \/><\/a><\/p>\r\n<p>Iza nas (i ispred nas) su nebrojeni sati vidljivog i nevidljivog rada i istra\u017eivanja, brojna stru\u010dna i javna izlaganja na skupovima, konferencijama, okruglim stolovima i drugim susretima, partnerstva na projektima, suradnje s vrti\u0107ima, osnovnim i srednjim \u0161kolama, fakultetima i drugim ustanovama, nebrojeni napisani tekstovi i ostvarene suradnje. Na\u0161 prvi jubilej iskoristit \u0107emo kao bismo se zahvalili svima koji su, znaju\u0107i ili ne znaju\u0107i, doprinijeli na\u0161em razvoju i, zahvaljuju\u0107i kojima, danas mo\u017eemo biti ponosni na mjesto do kojega smo do\u0161li i na udaljenost koju smo pre\u0161li od 18. travnja 2014. do danas. \u00a0<\/p>\r\n<p>&nbsp;<\/p>\r\n","protected":false},"excerpt":{"rendered":"<p>Prije to\u010dno pet godina Klikeraj je zapo\u010deo svoju plovidbu. Osamnaestog travnja u Klikeraju obilje\u017eavamo dan osnutka, a ove godine obilje\u017eavamo i na\u0161 prvi mali jubilej. Ovaj vremenski period&#8230;<\/p>\n","protected":false},"author":1,"featured_media":901,"comment_status":"open","ping_status":"open","sticky":false,"template":"","format":"standard","meta":{"_monsterinsights_skip_tracking":false,"_monsterinsights_sitenote_active":false,"_monsterinsights_sitenote_note":"","_monsterinsights_sitenote_category":0,"footnotes":""},"categories":[18],"tags":[],"class_list":["post-920","post","type-post","status-publish","format-standard","has-post-thumbnail","hentry","category-klikeraj-pise"],"_links":{"self":[{"href":"https:\/\/klikeraj.hr\/index.php\/wp-json\/wp\/v2\/posts\/920"}],"collection":[{"href":"https:\/\/klikeraj.hr\/index.php\/wp-json\/wp\/v2\/posts"}],"about":[{"href":"https:\/\/klikeraj.hr\/index.php\/wp-json\/wp\/v2\/types\/post"}],"author":[{"embeddable":true,"href":"https:\/\/klikeraj.hr\/index.php\/wp-json\/wp\/v2\/users\/1"}],"replies":[{"embeddable":true,"href":"https:\/\/klikeraj.hr\/index.php\/wp-json\/wp\/v2\/comments?post=920"}],"version-history":[{"count":7,"href":"https:\/\/klikeraj.hr\/index.php\/wp-json\/wp\/v2\/posts\/920\/revisions"}],"predecessor-version":[{"id":922,"href":"https:\/\/klikeraj.hr\/index.php\/wp-json\/wp\/v2\/posts\/920\/revisions\/922"}],"wp:featuredmedia":[{"embeddable":true,"href":"https:\/\/klikeraj.hr\/index.php\/wp-json\/wp\/v2\/media\/901"}],"wp:attachment":[{"href":"https:\/\/klikeraj.hr\/index.php\/wp-json\/wp\/v2\/media?parent=920"}],"wp:term":[{"taxonomy":"category","embeddable":true,"href":"https:\/\/klikeraj.hr\/index.php\/wp-json\/wp\/v2\/categories?post=920"},{"taxonomy":"post_tag","embeddable":true,"href":"https:\/\/klikeraj.hr\/index.php\/wp-json\/wp\/v2\/tags?post=920"}],"curies":[{"name":"wp","href":"https:\/\/api.w.org\/{rel}","templated":true}]}}