{"id":1451,"date":"2020-10-15T18:05:34","date_gmt":"2020-10-15T18:05:34","guid":{"rendered":"https:\/\/klikeraj.hr\/?p=1451"},"modified":"2021-01-11T18:49:48","modified_gmt":"2021-01-11T18:49:48","slug":"klikeraj-savjetovaliste-sidro","status":"publish","type":"post","link":"https:\/\/klikeraj.hr\/index.php\/2020\/10\/15\/klikeraj-savjetovaliste-sidro\/","title":{"rendered":"Klikeraj | Savjetovali\u0161te Sidro"},"content":{"rendered":"<p>Krajem listopada u Klikeraju s radom po\u010dinje <strong>s<\/strong>avjetovali\u0161te za <strong>d<\/strong>jecu i <strong>ro<\/strong>ditelje Sidro. Na\u0161 dosada\u0161nji program poticanja socioemocionalnog razvoja za djecu prerastao je u savjetovali\u0161te koje \u0107e biti namijenjeno u prvom redu darovitoj djeci, mladima i njihovim obiteljima. \u017delja nam je stvoriti prostor u kojemu \u0107e potencijalno darovita i darovita djeca mo\u0107i prona\u0107i odgovore na odre\u0111ena pitanja i dobiti psihosocijalnu podr\u0161ku.<\/p>\n<p>Upitnici iznad glava bistrih mali\u0161ana nisu rijetkost. U odgoju darovite djece u prvom planu naj\u010de\u0161\u0107e je intelektualni razvoj dok se emocionalnim i socijalnim potrebama ne posve\u0107uje dovoljno pa\u017enje. No, emocionalni \u017eivot bistre i darovite djece nerijetko je intenzivniji i dinami\u010dniji u odnosu na unutra\u0161nji svijet njihovih vr\u0161njaka. Emocionalna intenzivnost jedna je od temeljnih osobina darovitih mali\u0161ana koja \u010desto rezultira <em>asinkronijom<\/em> odnosno neskladom izme\u0111u emocionalnog i intelektualnog razvoja. Ovakav odnos dje\u010djih osobina mo\u017ee rezultirati te\u0161ko\u0107ama u osobnom i socijalnom razvoju.\u00a0 U takvim trenucima klju\u010dna je adekvatna podr\u0161ka roditelja i drugih zna\u010dajnih osoba u djetetovom \u017eivotu.\u00a0 U socijalizaciji darovitih u\u010denika posebno je va\u017eno prepoznavanje i dru\u017eenje sa sebi sli\u010dnima, pronala\u017eenje istomi\u0161ljenika\u00a0 i osoba koje se mogu poistovijetiti s osobnim brigama, problemima, ali i interesima.<br \/>\nOsamljenost, srame\u017eljivost, anksioznost, perfekcionizam,\u00a0 samopouzdanje i samopo\u0161tovanje naj\u010de\u0161\u0107e su &#8220;bolne to\u010dke&#8221; u razvoju bistrih mali\u0161ana i kroz grupe za podr\u0161ku nastojat \u0107emo utjecati na neke od ovih pojava i ukloniti barem poneki upitnik iznad na\u0161ih glava.<br \/>\nRad savjetovali\u0161ta zapo\u010dinje s grupnim i individualnim aktivnostima. Grupne aktivnosti obuhva\u0107aju grupe za podr\u0161ku djeci (6-12 godina) i adolescentima (12-16 godina). U prvom ciklusu predvi\u0111eno je 8 tjednih susreta u trajanju od 90 minuta.<br \/>\nTako\u0111er, otvorena su individualna savjetovanja za roditelje.<br \/>\nSvi programi do kraja godine bit \u0107e besplatni zahvaljuju\u0107i\u00a0 financijskoj donaciji Grada Osijeka.<br \/>\nS obzirom da je broj mjesta u svim programima ograni\u010den va\u0161e predbilje\u017ebe primamo na adresi <strong>klikeraj.radionice@gmail.com<\/strong><\/p>\n<p><strong>Termini:<\/strong><br \/>\nMla\u0111a grupa (6-12 godina): utorkom 17:30h (prvi susret 27.10.)<br \/>\nStarija grupa (12-16 godina): srijedom 18h (prvi susret 28.10.)<br \/>\nSavjetovali\u0161te za roditelje: po dogovoru<\/p>\n<p>Radujemo se novim susretima!<\/p>\n\n\t\t<style type=\"text\/css\">\n\t\t\t#gallery-1 {\n\t\t\t\tmargin: auto;\n\t\t\t}\n\t\t\t#gallery-1 .gallery-item {\n\t\t\t\tfloat: left;\n\t\t\t\tmargin-top: 10px;\n\t\t\t\ttext-align: center;\n\t\t\t\twidth: 33%;\n\t\t\t}\n\t\t\t#gallery-1 img {\n\t\t\t\tborder: 2px solid #cfcfcf;\n\t\t\t}\n\t\t\t#gallery-1 .gallery-caption {\n\t\t\t\tmargin-left: 0;\n\t\t\t}\n\t\t\t\/* see gallery_shortcode() in wp-includes\/media.php *\/\n\t\t<\/style>\n\t\t<div id='gallery-1' class='gallery galleryid-1451 gallery-columns-3 gallery-size-thumbnail'><dl class='gallery-item'>\n\t\t\t<dt class='gallery-icon landscape'>\n\t\t\t\t<a href='https:\/\/klikeraj.hr\/index.php\/2020\/10\/15\/klikeraj-savjetovaliste-sidro\/6-3\/'><img loading=\"lazy\" decoding=\"async\" width=\"150\" height=\"150\" src=\"https:\/\/klikeraj.hr\/wp-content\/uploads\/2020\/10\/6-150x150.jpg\" class=\"attachment-thumbnail size-thumbnail\" alt=\"\" srcset=\"https:\/\/klikeraj.hr\/wp-content\/uploads\/2020\/10\/6-150x150.jpg 150w, https:\/\/klikeraj.hr\/wp-content\/uploads\/2020\/10\/6-300x300.jpg 300w, https:\/\/klikeraj.hr\/wp-content\/uploads\/2020\/10\/6-768x768.jpg 768w, https:\/\/klikeraj.hr\/wp-content\/uploads\/2020\/10\/6-1024x1024.jpg 1024w, https:\/\/klikeraj.hr\/wp-content\/uploads\/2020\/10\/6-88x88.jpg 88w, https:\/\/klikeraj.hr\/wp-content\/uploads\/2020\/10\/6-973x973.jpg 973w, https:\/\/klikeraj.hr\/wp-content\/uploads\/2020\/10\/6-508x508.jpg 508w, https:\/\/klikeraj.hr\/wp-content\/uploads\/2020\/10\/6.jpg 1080w\" sizes=\"(max-width: 150px) 100vw, 150px\" \/><\/a>\n\t\t\t<\/dt><\/dl><dl class='gallery-item'>\n\t\t\t<dt class='gallery-icon landscape'>\n\t\t\t\t<a href='https:\/\/klikeraj.hr\/index.php\/2020\/10\/15\/klikeraj-savjetovaliste-sidro\/4-7\/'><img loading=\"lazy\" decoding=\"async\" width=\"150\" height=\"150\" src=\"https:\/\/klikeraj.hr\/wp-content\/uploads\/2020\/10\/4-150x150.jpg\" class=\"attachment-thumbnail size-thumbnail\" alt=\"\" srcset=\"https:\/\/klikeraj.hr\/wp-content\/uploads\/2020\/10\/4-150x150.jpg 150w, https:\/\/klikeraj.hr\/wp-content\/uploads\/2020\/10\/4-300x300.jpg 300w, https:\/\/klikeraj.hr\/wp-content\/uploads\/2020\/10\/4-768x768.jpg 768w, https:\/\/klikeraj.hr\/wp-content\/uploads\/2020\/10\/4-1024x1024.jpg 1024w, https:\/\/klikeraj.hr\/wp-content\/uploads\/2020\/10\/4-88x88.jpg 88w, https:\/\/klikeraj.hr\/wp-content\/uploads\/2020\/10\/4-973x973.jpg 973w, https:\/\/klikeraj.hr\/wp-content\/uploads\/2020\/10\/4-508x508.jpg 508w, https:\/\/klikeraj.hr\/wp-content\/uploads\/2020\/10\/4.jpg 1080w\" sizes=\"(max-width: 150px) 100vw, 150px\" \/><\/a>\n\t\t\t<\/dt><\/dl><dl class='gallery-item'>\n\t\t\t<dt class='gallery-icon landscape'>\n\t\t\t\t<a href='https:\/\/klikeraj.hr\/index.php\/2020\/10\/15\/klikeraj-savjetovaliste-sidro\/5-5\/'><img loading=\"lazy\" decoding=\"async\" width=\"150\" height=\"150\" src=\"https:\/\/klikeraj.hr\/wp-content\/uploads\/2020\/10\/5-150x150.jpg\" class=\"attachment-thumbnail size-thumbnail\" alt=\"\" srcset=\"https:\/\/klikeraj.hr\/wp-content\/uploads\/2020\/10\/5-150x150.jpg 150w, https:\/\/klikeraj.hr\/wp-content\/uploads\/2020\/10\/5-300x300.jpg 300w, https:\/\/klikeraj.hr\/wp-content\/uploads\/2020\/10\/5-768x768.jpg 768w, https:\/\/klikeraj.hr\/wp-content\/uploads\/2020\/10\/5-1024x1024.jpg 1024w, https:\/\/klikeraj.hr\/wp-content\/uploads\/2020\/10\/5-88x88.jpg 88w, https:\/\/klikeraj.hr\/wp-content\/uploads\/2020\/10\/5-973x973.jpg 973w, https:\/\/klikeraj.hr\/wp-content\/uploads\/2020\/10\/5-508x508.jpg 508w, https:\/\/klikeraj.hr\/wp-content\/uploads\/2020\/10\/5.jpg 1080w\" sizes=\"(max-width: 150px) 100vw, 150px\" \/><\/a>\n\t\t\t<\/dt><\/dl><br style=\"clear: both\" \/><dl class='gallery-item'>\n\t\t\t<dt class='gallery-icon landscape'>\n\t\t\t\t<a href='https:\/\/klikeraj.hr\/index.php\/2020\/10\/15\/klikeraj-savjetovaliste-sidro\/3-7\/'><img loading=\"lazy\" decoding=\"async\" width=\"150\" height=\"150\" src=\"https:\/\/klikeraj.hr\/wp-content\/uploads\/2020\/10\/3-150x150.jpg\" class=\"attachment-thumbnail size-thumbnail\" alt=\"\" srcset=\"https:\/\/klikeraj.hr\/wp-content\/uploads\/2020\/10\/3-150x150.jpg 150w, https:\/\/klikeraj.hr\/wp-content\/uploads\/2020\/10\/3-300x300.jpg 300w, https:\/\/klikeraj.hr\/wp-content\/uploads\/2020\/10\/3-768x768.jpg 768w, https:\/\/klikeraj.hr\/wp-content\/uploads\/2020\/10\/3-1024x1024.jpg 1024w, https:\/\/klikeraj.hr\/wp-content\/uploads\/2020\/10\/3-88x88.jpg 88w, https:\/\/klikeraj.hr\/wp-content\/uploads\/2020\/10\/3-973x973.jpg 973w, https:\/\/klikeraj.hr\/wp-content\/uploads\/2020\/10\/3-508x508.jpg 508w, https:\/\/klikeraj.hr\/wp-content\/uploads\/2020\/10\/3.jpg 1080w\" sizes=\"(max-width: 150px) 100vw, 150px\" \/><\/a>\n\t\t\t<\/dt><\/dl><dl class='gallery-item'>\n\t\t\t<dt class='gallery-icon landscape'>\n\t\t\t\t<a href='https:\/\/klikeraj.hr\/index.php\/2020\/10\/15\/klikeraj-savjetovaliste-sidro\/2-8\/'><img loading=\"lazy\" decoding=\"async\" width=\"150\" height=\"150\" src=\"https:\/\/klikeraj.hr\/wp-content\/uploads\/2020\/10\/2-150x150.jpg\" class=\"attachment-thumbnail size-thumbnail\" alt=\"\" srcset=\"https:\/\/klikeraj.hr\/wp-content\/uploads\/2020\/10\/2-150x150.jpg 150w, https:\/\/klikeraj.hr\/wp-content\/uploads\/2020\/10\/2-300x300.jpg 300w, https:\/\/klikeraj.hr\/wp-content\/uploads\/2020\/10\/2-768x768.jpg 768w, https:\/\/klikeraj.hr\/wp-content\/uploads\/2020\/10\/2-1024x1024.jpg 1024w, https:\/\/klikeraj.hr\/wp-content\/uploads\/2020\/10\/2-88x88.jpg 88w, https:\/\/klikeraj.hr\/wp-content\/uploads\/2020\/10\/2-973x973.jpg 973w, https:\/\/klikeraj.hr\/wp-content\/uploads\/2020\/10\/2-508x508.jpg 508w, https:\/\/klikeraj.hr\/wp-content\/uploads\/2020\/10\/2.jpg 1080w\" sizes=\"(max-width: 150px) 100vw, 150px\" \/><\/a>\n\t\t\t<\/dt><\/dl><dl class='gallery-item'>\n\t\t\t<dt class='gallery-icon landscape'>\n\t\t\t\t<a href='https:\/\/klikeraj.hr\/index.php\/2020\/10\/15\/klikeraj-savjetovaliste-sidro\/1-7\/'><img loading=\"lazy\" decoding=\"async\" width=\"150\" height=\"150\" src=\"https:\/\/klikeraj.hr\/wp-content\/uploads\/2020\/10\/1-150x150.jpg\" class=\"attachment-thumbnail size-thumbnail\" alt=\"\" srcset=\"https:\/\/klikeraj.hr\/wp-content\/uploads\/2020\/10\/1-150x150.jpg 150w, https:\/\/klikeraj.hr\/wp-content\/uploads\/2020\/10\/1-300x300.jpg 300w, https:\/\/klikeraj.hr\/wp-content\/uploads\/2020\/10\/1-768x768.jpg 768w, https:\/\/klikeraj.hr\/wp-content\/uploads\/2020\/10\/1-1024x1024.jpg 1024w, https:\/\/klikeraj.hr\/wp-content\/uploads\/2020\/10\/1-88x88.jpg 88w, https:\/\/klikeraj.hr\/wp-content\/uploads\/2020\/10\/1-973x973.jpg 973w, https:\/\/klikeraj.hr\/wp-content\/uploads\/2020\/10\/1-508x508.jpg 508w, https:\/\/klikeraj.hr\/wp-content\/uploads\/2020\/10\/1.jpg 1080w\" sizes=\"(max-width: 150px) 100vw, 150px\" \/><\/a>\n\t\t\t<\/dt><\/dl><br style=\"clear: both\" \/>\n\t\t<\/div>\n\n","protected":false},"excerpt":{"rendered":"<p>Krajem listopada u Klikeraju s radom po\u010dinje savjetovali\u0161te za djecu i roditelje Sidro. Na\u0161 dosada\u0161nji program poticanja socioemocionalnog razvoja za djecu prerastao je u savjetovali\u0161te koje \u0107e biti&#8230;<\/p>\n","protected":false},"author":1,"featured_media":1452,"comment_status":"closed","ping_status":"open","sticky":false,"template":"","format":"standard","meta":{"_monsterinsights_skip_tracking":false,"_monsterinsights_sitenote_active":false,"_monsterinsights_sitenote_note":"","_monsterinsights_sitenote_category":0,"footnotes":""},"categories":[17,13],"tags":[],"class_list":["post-1451","post","type-post","status-publish","format-standard","has-post-thumbnail","hentry","category-klikeraj-novosti","category-za-roditelje"],"_links":{"self":[{"href":"https:\/\/klikeraj.hr\/index.php\/wp-json\/wp\/v2\/posts\/1451"}],"collection":[{"href":"https:\/\/klikeraj.hr\/index.php\/wp-json\/wp\/v2\/posts"}],"about":[{"href":"https:\/\/klikeraj.hr\/index.php\/wp-json\/wp\/v2\/types\/post"}],"author":[{"embeddable":true,"href":"https:\/\/klikeraj.hr\/index.php\/wp-json\/wp\/v2\/users\/1"}],"replies":[{"embeddable":true,"href":"https:\/\/klikeraj.hr\/index.php\/wp-json\/wp\/v2\/comments?post=1451"}],"version-history":[{"count":6,"href":"https:\/\/klikeraj.hr\/index.php\/wp-json\/wp\/v2\/posts\/1451\/revisions"}],"predecessor-version":[{"id":1465,"href":"https:\/\/klikeraj.hr\/index.php\/wp-json\/wp\/v2\/posts\/1451\/revisions\/1465"}],"wp:featuredmedia":[{"embeddable":true,"href":"https:\/\/klikeraj.hr\/index.php\/wp-json\/wp\/v2\/media\/1452"}],"wp:attachment":[{"href":"https:\/\/klikeraj.hr\/index.php\/wp-json\/wp\/v2\/media?parent=1451"}],"wp:term":[{"taxonomy":"category","embeddable":true,"href":"https:\/\/klikeraj.hr\/index.php\/wp-json\/wp\/v2\/categories?post=1451"},{"taxonomy":"post_tag","embeddable":true,"href":"https:\/\/klikeraj.hr\/index.php\/wp-json\/wp\/v2\/tags?post=1451"}],"curies":[{"name":"wp","href":"https:\/\/api.w.org\/{rel}","templated":true}]}}